{"id":632,"date":"2026-01-15T13:02:33","date_gmt":"2026-01-15T11:02:33","guid":{"rendered":"http:\/\/www.inace.gov.mz\/?p=632"},"modified":"2026-01-15T13:07:26","modified_gmt":"2026-01-15T11:07:26","slug":"discurso-da-comunidade-mocambicana-no-exterior-por-ocasiao-da-apresentacao-de-cumprimentos-a-sua-excelencia-o-presidente-da-republica-daniel-francisco-chapo","status":"publish","type":"post","link":"https:\/\/www.inace.gov.mz\/?p=632","title":{"rendered":"Discurso da Comunidade Mo\u00e7ambicana no Exterior por ocasi\u00e3o da Apresenta\u00e7\u00e3o de Cumprimentos a Sua Excel\u00eancia o Presidente da Rep\u00fablica Daniel Francisco Chapo"},"content":{"rendered":"\n\n\n<p>Sua Excel\u00eancia Daniel Francisco Chapo, Presidente da Rep\u00fablica de Mo\u00e7ambique;<\/p>\n\n\n\n<p>Distintos convidados;<\/p>\n\n\n\n<p>Minhas Senhoras e meus Senhores;<\/p>\n\n\n\n<p>Em nome dos milhares de mo\u00e7ambicanos que comp\u00f5em a nossa di\u00e1spora, com elevado sentido patri\u00f3tico e profundo respeito, endere\u00e7amos \u00e0 Vossa Excel\u00eancia Presidente da Rep\u00fablica de Mo\u00e7ambique e a toda fam\u00edlia mo\u00e7ambicana, do Rovuma ao Maputo e do Zumbo ao \u00cdndico, por ocasi\u00e3o das festas do Natal e passagem de ano, as nossas melhores sauda\u00e7\u00f5es.<\/p>\n\n\n\n<p>Excel\u00eancia,<\/p>\n\n\n\n<p>Importa referir que temos acompanhado com muita aten\u00e7\u00e3o e admira\u00e7\u00e3o a forma como tem conduzido os destinos do nosso pa\u00eds, de sublinhar os esfor\u00e7os empreendidos em prol de manuten\u00e7\u00e3o da Paz, como se pode testemunhar com o Di\u00e1logo Nacional Inclusivo que decorre em todo o territ\u00f3rio nacional e na di\u00e1spora, assim como da robustez e estabilidade da nossa economia apesar das distor\u00e7\u00f5es acentuadas dos agregados macroecon\u00f3micos que o mundo vive, aliado \u00e0s mudan\u00e7as clim\u00e1ticas e conflitos diversos.<\/p>\n\n\n\n<p>A Vossa s\u00e1bia lideran\u00e7a na mitiga\u00e7\u00e3o dos efeitos nefastos do terrorismo que teima em assolar a regi\u00e3o norte do nosso pa\u00eds, concretamente na prov\u00edncia de Cabo Delgado, traz de volta a esperan\u00e7a de um futuro melhor para as popula\u00e7\u00f5es.<\/p>\n\n\n\n<p>Excel\u00eancia,<\/p>\n\n\n\n<p>Acompanhamos com satisfa\u00e7\u00e3o o envolvimento do governo mo\u00e7ambicano na assist\u00eancia e repatriamento de cidad\u00e3os nacionais que por diversos motivos s\u00e3o deportados dos pa\u00edses de acolhimento, assim como na localiza\u00e7\u00e3o e reunifica\u00e7\u00e3o familiar de doentes e v\u00edtimas de tr\u00e1fico humano onde quer que estejam. O envio de brigadas multi-sectoriais para a cont\u00ednua busca de solu\u00e7\u00f5es para mitigar e resolver o problema de documenta\u00e7\u00e3o da nossa di\u00e1spora, diminuindo desta forma a dist\u00e2ncia que nos separa do pa\u00eds.<\/p>\n\n\n\n<p>N\u00f3s, enquanto di\u00e1spora mo\u00e7ambicana, temos constatado com enorme alegria, que Vossa Excel\u00eancia tem vindo a envidar esfor\u00e7os no sentido de criar condi\u00e7\u00f5es para facilitar a vida dos mo\u00e7ambicanos residentes no exterior. A cria\u00e7\u00e3o da Secret\u00e1ria de Estado dos Neg\u00f3cios Estrangeiros e Comunidade no Exterior, no novo ciclo de governa\u00e7\u00e3o, \u00e9 uma express\u00e3o clara do seu compromisso para uma rela\u00e7\u00e3o mais profunda, estruturada e duradoura entre o Estado e a nossa di\u00e1spora. Esta iniciativa permite melhorar e assegurar que a defesa dos nossos interesses sejam tratados com prioridade, proximidade e respeito. &nbsp;<\/p>\n\n\n\n<p>Permita-nos Senhor Presidente, saud\u00e1-lo uma vez mais pelos esfor\u00e7os que o Governo da Rep\u00fablica de Mo\u00e7ambique tem estado a empreender na implementa\u00e7\u00e3o da Pol\u00edtica da Di\u00e1spora Mo\u00e7ambicana atrav\u00e9s de actividades de divulga\u00e7\u00e3o e continuidade do mapeamento.<\/p>\n\n\n\n<p>Excel\u00eancia,<\/p>\n\n\n\n<p>Permita-nos aproveitar esta oportunidade para referir-mo-nos a algumas inquieta\u00e7\u00f5es que afligem as nossas comunidades. Neste sentido, solicitamos a Vossa interven\u00e7\u00e3o relativamente aos seguintes aspectos:<\/p>\n\n\n\n<ul><li>Maior presen\u00e7a e efici\u00eancia das brigadas que tramitam os documentos de identifica\u00e7\u00e3o nas Miss\u00f5es Diplom\u00e1ticas e Consulares;<\/li><\/ul>\n\n\n\n<ul><li>Firma\u00e7\u00e3o de acordos bilaterais que facilitem a legaliza\u00e7\u00e3o dos mo\u00e7ambicanos nos pa\u00edses de acolhimento;<\/li><\/ul>\n\n\n\n<ul><li>Revis\u00e3o da franquia estipulada pela Lei n\u00ba 37\/2023, de 29 de Julho, Sobre o Desembara\u00e7o Aduaneiro, que limita as importa\u00e7\u00f5es ao valor equivalente a 50 d\u00f3lares;<\/li><\/ul>\n\n\n\n<ul><li>Revis\u00e3o da validade dos passaportes nacionais de 5 para 10 anos como j\u00e1 \u00e9 pr\u00e1tica comum noutros pa\u00edses. A actual validade do passaporte causa transtornos agravados a cidad\u00e3os mo\u00e7ambicanos que se encontram nos pa\u00edses sem representa\u00e7\u00e3o Diplom\u00e1tica ou Consular de Mo\u00e7ambique, havendo muitos casos em que expira a validade dos seus documentos, vendo-se na impossibilidade de renov\u00e1-los, causando dificuldades diversas;<\/li><\/ul>\n\n\n\n<ul><li>Potencia\u00e7\u00e3o da Miss\u00f5es Diplom\u00e1ticas e Consulares para uma maior divulga\u00e7\u00e3o do turismo e da cultura mo\u00e7ambicana atrav\u00e9s de exposi\u00e7\u00f5es art\u00edsticas e participa\u00e7\u00e3o em feiras tem\u00e1ticas,<\/li><\/ul>\n\n\n\n<ul><li>&nbsp;Apoio as iniciativas de mo\u00e7ambicanos na di\u00e1spora, na transfer\u00eancia de conhecimentos e experi\u00eancias, para o desenvolvimento de Mo\u00e7ambique.&nbsp;<\/li><\/ul>\n\n\n\n<p>&nbsp;Excel\u00eancia,<\/p>\n\n\n\n<p>N\u00e3o podemos terminar esta nossa mensagem sem deixar de sublinhar o qu\u00e3o orgulhosos nos sentimos pela inclus\u00e3o da di\u00e1spora nos esfor\u00e7os para a manuten\u00e7\u00e3o da Paz e na consolida\u00e7\u00e3o da democracia em Mo\u00e7ambique.<\/p>\n\n\n\n<p>Neste per\u00edodo de reflex\u00e3o, reconcilia\u00e7\u00e3o e renova\u00e7\u00e3o da esperan\u00e7a, enaltecemos o papel de Vossa Excel\u00eancia como timoneiro do Di\u00e1logo Nacional Inclusivo, conduzido com o esp\u00edrito de abertura, escuta e de compromisso com a unidade nacional.<\/p>\n\n\n\n<p>Permita-nos, Senhor Presidente, desejar \u00e0 Vossa Excel\u00eancia e fam\u00edlia, votos de um feliz Natal e pr\u00f3spero ano de 2026.<\/p>\n\n\n\n<p>Muito obrigado pela oportunidade e aten\u00e7\u00e3o que nos foi dispensada.<\/p>\n\n\n\n<p>Maputo, 19 de Dezembro de 2025<\/p>\n","protected":false},"excerpt":{"rendered":"<p>Sua Excel\u00eancia Daniel Francisco Chapo, Presidente da Rep\u00fablica de Mo\u00e7ambique; Distintos convidados; Minhas Senhoras e meus Senhores; Em nome dos<\/p>\n","protected":false},"author":4,"featured_media":0,"comment_status":"closed","ping_status":"","sticky":false,"template":"","format":"standard","meta":[],"categories":[1],"tags":[],"_links":{"self":[{"href":"https:\/\/www.inace.gov.mz\/index.php?rest_route=\/wp\/v2\/posts\/632"}],"collection":[{"href":"https:\/\/www.inace.gov.mz\/index.php?rest_route=\/wp\/v2\/posts"}],"about":[{"href":"https:\/\/www.inace.gov.mz\/index.php?rest_route=\/wp\/v2\/types\/post"}],"author":[{"embeddable":true,"href":"https:\/\/www.inace.gov.mz\/index.php?rest_route=\/wp\/v2\/users\/4"}],"replies":[{"embeddable":true,"href":"https:\/\/www.inace.gov.mz\/index.php?rest_route=%2Fwp%2Fv2%2Fcomments&post=632"}],"version-history":[{"count":2,"href":"https:\/\/www.inace.gov.mz\/index.php?rest_route=\/wp\/v2\/posts\/632\/revisions"}],"predecessor-version":[{"id":634,"href":"https:\/\/www.inace.gov.mz\/index.php?rest_route=\/wp\/v2\/posts\/632\/revisions\/634"}],"wp:attachment":[{"href":"https:\/\/www.inace.gov.mz\/index.php?rest_route=%2Fwp%2Fv2%2Fmedia&parent=632"}],"wp:term":[{"taxonomy":"category","embeddable":true,"href":"https:\/\/www.inace.gov.mz\/index.php?rest_route=%2Fwp%2Fv2%2Fcategories&post=632"},{"taxonomy":"post_tag","embeddable":true,"href":"https:\/\/www.inace.gov.mz\/index.php?rest_route=%2Fwp%2Fv2%2Ftags&post=632"}],"curies":[{"name":"wp","href":"https:\/\/api.w.org\/{rel}","templated":true}]}}