{"id":399,"date":"2023-03-21T13:15:54","date_gmt":"2023-03-21T11:15:54","guid":{"rendered":"http:\/\/www.inace.gov.mz\/?p=399"},"modified":"2023-03-22T11:13:39","modified_gmt":"2023-03-22T09:13:39","slug":"399","status":"publish","type":"post","link":"https:\/\/www.inace.gov.mz\/?p=399","title":{"rendered":"Participa\u00e7\u00e3o da Comunidade na Exposi\u00e7\u00e3o da UCCLA."},"content":{"rendered":"\n<p class=\"has-text-align-left\">Participa\u00e7\u00e3o dos Membros do Conselho Consultivo das Comunidades Mo\u00e7ambicanas no Exterior eleitos em Lisboa Srs Livio de Morais e Evelise Fereira, na Exposi\u00e7\u00e3o dos Artistas Pl\u00e1sticos Mo\u00e7ambicanos na Uni\u00e3o das Cidades Capitais Portuguesas-UCCLA.<\/p>\n\n\n\n<figure class=\"wp-block-gallery columns-1 is-cropped\"><ul class=\"blocks-gallery-grid\"><li class=\"blocks-gallery-item\"><figure><img loading=\"lazy\" width=\"486\" height=\"1024\" src=\"https:\/\/www.inace.gov.mz\/wp-content\/uploads\/2023\/03\/IMG-20230314-WA0000-486x1024.jpg\" alt=\"\" data-id=\"402\" data-full-url=\"https:\/\/www.inace.gov.mz\/wp-content\/uploads\/2023\/03\/IMG-20230314-WA0000.jpg\" data-link=\"https:\/\/www.inace.gov.mz\/?attachment_id=402\" class=\"wp-image-402\" srcset=\"https:\/\/www.inace.gov.mz\/wp-content\/uploads\/2023\/03\/IMG-20230314-WA0000-486x1024.jpg 486w, https:\/\/www.inace.gov.mz\/wp-content\/uploads\/2023\/03\/IMG-20230314-WA0000-143x300.jpg 143w, https:\/\/www.inace.gov.mz\/wp-content\/uploads\/2023\/03\/IMG-20230314-WA0000-768x1617.jpg 768w, https:\/\/www.inace.gov.mz\/wp-content\/uploads\/2023\/03\/IMG-20230314-WA0000-730x1536.jpg 730w, https:\/\/www.inace.gov.mz\/wp-content\/uploads\/2023\/03\/IMG-20230314-WA0000.jpg 810w\" sizes=\"(max-width: 486px) 100vw, 486px\" \/><\/figure><\/li><\/ul><\/figure>\n\n\n\n<figure class=\"wp-block-image size-large\"><img loading=\"lazy\" width=\"392\" height=\"1024\" src=\"https:\/\/www.inace.gov.mz\/wp-content\/uploads\/2023\/03\/IMG-20230314-WA0003-392x1024.jpg\" alt=\"\" class=\"wp-image-404\" srcset=\"https:\/\/www.inace.gov.mz\/wp-content\/uploads\/2023\/03\/IMG-20230314-WA0003-392x1024.jpg 392w, https:\/\/www.inace.gov.mz\/wp-content\/uploads\/2023\/03\/IMG-20230314-WA0003-115x300.jpg 115w, https:\/\/www.inace.gov.mz\/wp-content\/uploads\/2023\/03\/IMG-20230314-WA0003-588x1536.jpg 588w, https:\/\/www.inace.gov.mz\/wp-content\/uploads\/2023\/03\/IMG-20230314-WA0003.jpg 672w\" sizes=\"(max-width: 392px) 100vw, 392px\" \/><\/figure>\n\n\n\n<figure class=\"wp-block-image size-large\"><img loading=\"lazy\" width=\"1024\" height=\"984\" src=\"https:\/\/www.inace.gov.mz\/wp-content\/uploads\/2023\/03\/IMG-20230314-WA0002-1024x984.jpg\" alt=\"\" class=\"wp-image-403\" srcset=\"https:\/\/www.inace.gov.mz\/wp-content\/uploads\/2023\/03\/IMG-20230314-WA0002-1024x984.jpg 1024w, https:\/\/www.inace.gov.mz\/wp-content\/uploads\/2023\/03\/IMG-20230314-WA0002-300x288.jpg 300w, https:\/\/www.inace.gov.mz\/wp-content\/uploads\/2023\/03\/IMG-20230314-WA0002-768x738.jpg 768w, https:\/\/www.inace.gov.mz\/wp-content\/uploads\/2023\/03\/IMG-20230314-WA0002-1536x1475.jpg 1536w, https:\/\/www.inace.gov.mz\/wp-content\/uploads\/2023\/03\/IMG-20230314-WA0002.jpg 1902w\" sizes=\"(max-width: 1024px) 100vw, 1024px\" \/><\/figure>\n\n\n\n<div class=\"wp-block-image is-style-default\"><figure class=\"alignleft size-large\"><img loading=\"lazy\" width=\"1105\" height=\"1660\" src=\"https:\/\/www.inace.gov.mz\/wp-content\/uploads\/2023\/03\/IMG-20230314-WA0004-edited.jpg\" alt=\"\" class=\"wp-image-406\" srcset=\"https:\/\/www.inace.gov.mz\/wp-content\/uploads\/2023\/03\/IMG-20230314-WA0004-edited.jpg 1105w, https:\/\/www.inace.gov.mz\/wp-content\/uploads\/2023\/03\/IMG-20230314-WA0004-edited-200x300.jpg 200w, https:\/\/www.inace.gov.mz\/wp-content\/uploads\/2023\/03\/IMG-20230314-WA0004-edited-682x1024.jpg 682w, https:\/\/www.inace.gov.mz\/wp-content\/uploads\/2023\/03\/IMG-20230314-WA0004-edited-768x1154.jpg 768w, https:\/\/www.inace.gov.mz\/wp-content\/uploads\/2023\/03\/IMG-20230314-WA0004-edited-1022x1536.jpg 1022w\" sizes=\"(max-width: 1105px) 100vw, 1105px\" \/><\/figure><\/div>\n","protected":false},"excerpt":{"rendered":"<p>Participa\u00e7\u00e3o dos Membros do Conselho Consultivo das Comunidades Mo\u00e7ambicanas no Exterior eleitos em Lisboa Srs Livio de Morais e Evelise<\/p>\n","protected":false},"author":4,"featured_media":0,"comment_status":"closed","ping_status":"","sticky":false,"template":"","format":"standard","meta":[],"categories":[1],"tags":[],"_links":{"self":[{"href":"https:\/\/www.inace.gov.mz\/index.php?rest_route=\/wp\/v2\/posts\/399"}],"collection":[{"href":"https:\/\/www.inace.gov.mz\/index.php?rest_route=\/wp\/v2\/posts"}],"about":[{"href":"https:\/\/www.inace.gov.mz\/index.php?rest_route=\/wp\/v2\/types\/post"}],"author":[{"embeddable":true,"href":"https:\/\/www.inace.gov.mz\/index.php?rest_route=\/wp\/v2\/users\/4"}],"replies":[{"embeddable":true,"href":"https:\/\/www.inace.gov.mz\/index.php?rest_route=%2Fwp%2Fv2%2Fcomments&post=399"}],"version-history":[{"count":6,"href":"https:\/\/www.inace.gov.mz\/index.php?rest_route=\/wp\/v2\/posts\/399\/revisions"}],"predecessor-version":[{"id":420,"href":"https:\/\/www.inace.gov.mz\/index.php?rest_route=\/wp\/v2\/posts\/399\/revisions\/420"}],"wp:attachment":[{"href":"https:\/\/www.inace.gov.mz\/index.php?rest_route=%2Fwp%2Fv2%2Fmedia&parent=399"}],"wp:term":[{"taxonomy":"category","embeddable":true,"href":"https:\/\/www.inace.gov.mz\/index.php?rest_route=%2Fwp%2Fv2%2Fcategories&post=399"},{"taxonomy":"post_tag","embeddable":true,"href":"https:\/\/www.inace.gov.mz\/index.php?rest_route=%2Fwp%2Fv2%2Ftags&post=399"}],"curies":[{"name":"wp","href":"https:\/\/api.w.org\/{rel}","templated":true}]}}