{"id":387,"date":"2022-12-28T15:50:59","date_gmt":"2022-12-28T13:50:59","guid":{"rendered":"http:\/\/www.inace.gov.mz\/?p=387"},"modified":"2024-01-10T13:13:35","modified_gmt":"2024-01-10T11:13:35","slug":"mensagem-da-comunidade-mocambicana-residente-no-exterior-a-sua-excelencia-filipe-jacinto-nyusi-presidente-da-republica-de-mocambique-por-ocasiao-do-fim-de-ano-de-2022","status":"publish","type":"post","link":"https:\/\/www.inace.gov.mz\/?p=387","title":{"rendered":"Mensagem da  comunidade Mo\u00e7ambicana residente no exterior \u00e0 sua EXCEL\u00caNCIA FILIPE JACINTO NYUSI, Presidente da Rep\u00fablica de Mo\u00e7ambique por ocasi\u00e3o do fim de ano de 2022"},"content":{"rendered":"\n<p>Sua Excel\u00eancia Filipe Jacinto Nyusi, Presidente da Rep\u00fablica de Mo\u00e7ambique;<\/p>\n\n\n\n<p>Distintos convidados;<\/p>\n\n\n\n<p>Minhas Senhoras e meus Senhores;<\/p>\n\n\n\n<p>Em nome dos milhares de mo\u00e7ambicanos que comp\u00f5em a nossa di\u00e1spora, gostar\u00edamos atrav\u00e9s de si, Senhor Presidente, saudar todo o povo mo\u00e7ambicano do Rovuma ao Maputo e do Zumbo ao \u00cdndico por ocasi\u00e3o das festas do natal e passagem de ano e, desejar que o ano de 2023 seja de mais conquistas e consolida\u00e7\u00e3o das importantes reformas e avan\u00e7os sabiamente liderados por Vossa Excel\u00eancia.<\/p>\n\n\n\n<p>Excel\u00eancia,<\/p>\n\n\n\n<p>Importa referir que temos acompanhado com muita aten\u00e7\u00e3o e admira\u00e7\u00e3o a forma como tem conduzido os destinos do nosso pa\u00eds, de sublinhar a robustez e estabilidade da nossa economia apesar das distor\u00e7\u00f5es acentuadas dos agregados macroecon\u00f3micos no mundo devido a pandemia da COVID-19, mudan\u00e7as clim\u00e1ticas e conflitos diversos.<\/p>\n\n\n\n<p>A Vossa lideran\u00e7a na mitiga\u00e7\u00e3o dos efeitos nefastos da pandemia da COVID-19 que tornou o modelo mo\u00e7ambicano um exemplo a seguir em muitos pa\u00edses, alguns deles at\u00e9 mais desenvolvidos que o nosso, bem como o Vosso comando no combate ao terrorismo que assola a regi\u00e3o norte do pa\u00eds e que est\u00e1 trazendo de volta a esperan\u00e7a de um futuro melhor para as popula\u00e7\u00f5es v\u00edtimas.<\/p>\n\n\n\n<p>Muita coisa poderia ser dita Senhor Presidente, para enaltecer o movimento que est\u00e1 a acontecer na dinamiza\u00e7\u00e3o da economia nacional de destacar a inscri\u00e7\u00e3o do nome de Mo\u00e7ambique no mundo como pa\u00eds produtor e exportador de g\u00e1s liquefeito, com a entrada em funcionamento do projecto Coral Sul FLNG na Bacia do Rovuma, a par das realiza\u00e7\u00f5es nas \u00e1reas agr\u00edcola, pesqueira, industrial, de hidrocarbonetos, turismo e tecnologias de informa\u00e7\u00e3o e comunica\u00e7\u00e3o dentre outras.<\/p>\n\n\n\n<p>Excel\u00eancia,<\/p>\n\n\n\n<p>Acompanhamos com muita satisfa\u00e7\u00e3o o envolvimento do governo mo\u00e7ambicano na assist\u00eancia e repatriamento de quinze estudantes e um empres\u00e1rio mo\u00e7ambicano e sua fam\u00edlia radicados na Ucr\u00e2nia, o que demostra de forma inequ\u00edvoca que o Governo tudo tem feito para assistir os mo\u00e7ambicanos onde quer que estejam.<\/p>\n\n\n\n<p>N\u00f3s, enquanto di\u00e1spora mo\u00e7ambicana, temos constatado com enorme alegria e satisfa\u00e7\u00e3o que Vossa Excel\u00eancia tem vindo a envidar esfor\u00e7os no sentido de criar condi\u00e7\u00f5es que facilitem a vida dos mo\u00e7ambicanos na sua rela\u00e7\u00e3o com o pa\u00eds, por exemplo: a instala\u00e7\u00e3o em alguns pa\u00edses de meios de capta\u00e7\u00e3o e processamento de dados com elementos biom\u00e9tricos nas Miss\u00f5es Diplom\u00e1ticas e Consulares para emiss\u00e3o de bilhetes de identidade e passaportes, condi\u00e7\u00e3o basilar para a regulariza\u00e7\u00e3o das autoriza\u00e7\u00f5es de trabalho e de resid\u00eancia nos nossos pa\u00edses de acolhimento. Igualmente, testemunhamos com satisfa\u00e7\u00e3o a entrada em funcionamento dos servi\u00e7os de emiss\u00e3o de certificados de registo criminal em quatro pa\u00edses e com promessas de se abranger mais representa\u00e7\u00f5es Diplom\u00e1ticas e Consulares de Mo\u00e7ambique.<\/p>\n\n\n\n<p>Permita-nos Senhor Presidente, saudar uma vez mais os esfor\u00e7os que o Governo tem empreendido, para atrav\u00e9s do Instituto Nacional para as Comunidades Mo\u00e7ambicanas no Exterior-INACE, tornar poss\u00edvel o arranque do mapeamento da di\u00e1spora bem como a realiza\u00e7\u00e3o do Primeiro Ciclo de debates sobre a Pol\u00edtica da Di\u00e1spora Mo\u00e7ambicana bases importantes para a concep\u00e7\u00e3o de uma Politica da Di\u00e1spora Mo\u00e7ambicana e sua Estrat\u00e9gia de Implementa\u00e7\u00e3o, instrumento orientador da rela\u00e7\u00e3o entre a di\u00e1spora e o seu pa\u00eds.<\/p>\n\n\n\n<p>Excel\u00eancia,<\/p>\n\n\n\n<p>N\u00e3o podemos terminar esta nossa mensagem sem nos referirmos ao qu\u00e3o orgulhoso nos sentimos pela forma como o nome de Mo\u00e7ambique foi elevado, honrado e prestigiado com a elei\u00e7\u00e3o do pa\u00eds a Membro N\u00e3o Permanente do Conselho de Seguran\u00e7a das Na\u00e7\u00f5es Unidas para o bi\u00e9nio 2023-2024.<\/p>\n\n\n\n<p>Permita-nos, Senhor Presidente, desejar \u00e0 Vossa Excel\u00eancia e fam\u00edlia, votos de um feliz Natal e pr\u00f3spero ano de 2023.<\/p>\n\n\n\n<p>Muito obrigado pela oportunidade e aten\u00e7\u00e3o que nos foi dispensada.<\/p>\n\n\n\n<p><\/p>\n\n\n\n<p><\/p>\n\n\n\n<p class=\"has-text-align-center\">Maputo 21 de Dezembro de 2022<\/p>\n","protected":false},"excerpt":{"rendered":"<p>Sua Excel\u00eancia Filipe Jacinto Nyusi, Presidente da Rep\u00fablica de Mo\u00e7ambique; Distintos convidados; Minhas Senhoras e meus Senhores; Em nome dos<\/p>\n","protected":false},"author":3,"featured_media":0,"comment_status":"closed","ping_status":"closed","sticky":false,"template":"","format":"standard","meta":[],"categories":[1],"tags":[],"_links":{"self":[{"href":"https:\/\/www.inace.gov.mz\/index.php?rest_route=\/wp\/v2\/posts\/387"}],"collection":[{"href":"https:\/\/www.inace.gov.mz\/index.php?rest_route=\/wp\/v2\/posts"}],"about":[{"href":"https:\/\/www.inace.gov.mz\/index.php?rest_route=\/wp\/v2\/types\/post"}],"author":[{"embeddable":true,"href":"https:\/\/www.inace.gov.mz\/index.php?rest_route=\/wp\/v2\/users\/3"}],"replies":[{"embeddable":true,"href":"https:\/\/www.inace.gov.mz\/index.php?rest_route=%2Fwp%2Fv2%2Fcomments&post=387"}],"version-history":[{"count":2,"href":"https:\/\/www.inace.gov.mz\/index.php?rest_route=\/wp\/v2\/posts\/387\/revisions"}],"predecessor-version":[{"id":392,"href":"https:\/\/www.inace.gov.mz\/index.php?rest_route=\/wp\/v2\/posts\/387\/revisions\/392"}],"wp:attachment":[{"href":"https:\/\/www.inace.gov.mz\/index.php?rest_route=%2Fwp%2Fv2%2Fmedia&parent=387"}],"wp:term":[{"taxonomy":"category","embeddable":true,"href":"https:\/\/www.inace.gov.mz\/index.php?rest_route=%2Fwp%2Fv2%2Fcategories&post=387"},{"taxonomy":"post_tag","embeddable":true,"href":"https:\/\/www.inace.gov.mz\/index.php?rest_route=%2Fwp%2Fv2%2Ftags&post=387"}],"curies":[{"name":"wp","href":"https:\/\/api.w.org\/{rel}","templated":true}]}}