{"id":236,"date":"2022-11-22T10:36:29","date_gmt":"2022-11-22T08:36:29","guid":{"rendered":"http:\/\/www.inace.gov.mz\/?p=236"},"modified":"2024-01-10T13:13:02","modified_gmt":"2024-01-10T11:13:02","slug":"__trashed","status":"publish","type":"post","link":"https:\/\/www.inace.gov.mz\/?p=236","title":{"rendered":"Ministra dos Neg\u00f3cios Estrangeiros e Coopera\u00e7\u00e3o re\u00fane com Comunidade Mo\u00e7ambicana em Portugal"},"content":{"rendered":"\n<p class=\"has-text-align-left has-normal-font-size\"><img loading=\"lazy\" width=\"1024\" height=\"419\" class=\"wp-image-238\" style=\"width: 600px;\" src=\"http:\/\/www.inace.gov.mz\/wp-content\/uploads\/2022\/11\/IMG-20221120-WA0030-e1669106382440.jpg\" alt=\"\"><\/p>\n\n\n\n<div class=\"wp-block-group\"><div class=\"wp-block-group__inner-container\">\n<p class=\"has-text-align-left has-normal-font-size\" align=\"justify\">No \u00e2mbito da visita do Presidente Filipe Nyusi a Portugal, a Ministra dos Neg\u00f3cios Estrangeiros e Coopera\u00e7\u00e3o, Ver\u00f3nica Macamo, reuniu na tarde do dia 19 de Novembro, em Lisboa, com a Comunidade Mo\u00e7ambicana residente naquele pa\u00eds, numa reuni\u00e3o bastante concorrida. Na ocasi\u00e3o, a Ministra dos Assuntos Constitucionais e Religiosos, Helena Kida, fez o an\u00fancio do funcionamento do Sistema Informatizado de Registo Criminal (SIRC) a partir do dia 21 de Novembro a partir de Portugal. Com este an\u00fancio a Embaixada de Mo\u00e7ambique em Lisboa, passa a dispor de mais um servi\u00e7o vital para a vida dos mo\u00e7ambicanos naquele pa\u00eds, que vem juntar-se ao servi\u00e7o de emiss\u00e3o de Passaportes em BIs instalado naquela Miss\u00e3o Diplom\u00e1tica desde 2019.<\/p>\n\n\n\n<p><\/p>\n<\/div><\/div>\n\n\n\n<div class=\"wp-block-group\"><div class=\"wp-block-group__inner-container\">\n<figure class=\"wp-block-image is-resized\"><img loading=\"lazy\" src=\"http:\/\/www.inace.gov.mz\/wp-content\/uploads\/2022\/11\/IMG-20221120-WA0024.jpg\" alt=\"\" class=\"wp-image-239\" width=\"389\" height=\"219\" srcset=\"https:\/\/www.inace.gov.mz\/wp-content\/uploads\/2022\/11\/IMG-20221120-WA0024.jpg 2016w, https:\/\/www.inace.gov.mz\/wp-content\/uploads\/2022\/11\/IMG-20221120-WA0024-300x169.jpg 300w, https:\/\/www.inace.gov.mz\/wp-content\/uploads\/2022\/11\/IMG-20221120-WA0024-1024x576.jpg 1024w, https:\/\/www.inace.gov.mz\/wp-content\/uploads\/2022\/11\/IMG-20221120-WA0024-768x432.jpg 768w, https:\/\/www.inace.gov.mz\/wp-content\/uploads\/2022\/11\/IMG-20221120-WA0024-1536x864.jpg 1536w\" sizes=\"(max-width: 389px) 100vw, 389px\" \/><\/figure>\n\n\n\n<p>No encontro, bastante animado, a Comunidade abrilhantou os visitantes com alguns n\u00fameros de dan\u00e7a tradicional e n\u00e3o s\u00f3, mas tamb\u00e9m houve actua\u00e7\u00e3o do conceituado saxofonista mo\u00e7ambicano Ottis.<\/p>\n<\/div><\/div>\n\n\n\n<p><\/p>\n","protected":false},"excerpt":{"rendered":"<p>A Ministra dos Neg\u00f3cios Estrangeiros e Coopera\u00e7\u00e3o, Ver\u00f3nica Macamo, reuniu na tarde do dia 19 de Novembro, em Lisboa, com a Comunidade Mo\u00e7ambicana residente naquele pa\u00eds.<\/p>\n","protected":false},"author":3,"featured_media":0,"comment_status":"closed","ping_status":"open","sticky":false,"template":"","format":"standard","meta":[],"categories":[1],"tags":[],"_links":{"self":[{"href":"https:\/\/www.inace.gov.mz\/index.php?rest_route=\/wp\/v2\/posts\/236"}],"collection":[{"href":"https:\/\/www.inace.gov.mz\/index.php?rest_route=\/wp\/v2\/posts"}],"about":[{"href":"https:\/\/www.inace.gov.mz\/index.php?rest_route=\/wp\/v2\/types\/post"}],"author":[{"embeddable":true,"href":"https:\/\/www.inace.gov.mz\/index.php?rest_route=\/wp\/v2\/users\/3"}],"replies":[{"embeddable":true,"href":"https:\/\/www.inace.gov.mz\/index.php?rest_route=%2Fwp%2Fv2%2Fcomments&post=236"}],"version-history":[{"count":12,"href":"https:\/\/www.inace.gov.mz\/index.php?rest_route=\/wp\/v2\/posts\/236\/revisions"}],"predecessor-version":[{"id":253,"href":"https:\/\/www.inace.gov.mz\/index.php?rest_route=\/wp\/v2\/posts\/236\/revisions\/253"}],"wp:attachment":[{"href":"https:\/\/www.inace.gov.mz\/index.php?rest_route=%2Fwp%2Fv2%2Fmedia&parent=236"}],"wp:term":[{"taxonomy":"category","embeddable":true,"href":"https:\/\/www.inace.gov.mz\/index.php?rest_route=%2Fwp%2Fv2%2Fcategories&post=236"},{"taxonomy":"post_tag","embeddable":true,"href":"https:\/\/www.inace.gov.mz\/index.php?rest_route=%2Fwp%2Fv2%2Ftags&post=236"}],"curies":[{"name":"wp","href":"https:\/\/api.w.org\/{rel}","templated":true}]}}